{"id":708,"date":"2022-07-27T20:22:29","date_gmt":"2022-07-27T20:22:29","guid":{"rendered":"https:\/\/andrea-richter.com\/?p=708"},"modified":"2022-07-27T20:22:29","modified_gmt":"2022-07-27T20:22:29","slug":"kurz-vor-goeteborg","status":"publish","type":"post","link":"https:\/\/andrea-richter.com\/?p=708","title":{"rendered":"Kurz vor G\u00f6teborg"},"content":{"rendered":"\n<p>Nun bin ich G\u00f6teborg viel n\u00e4her gekommen als gedacht. Unterhalb der Festung Bohus ist direkt am G\u00f6takanal ein freier Campingplatz, auf dem es neben einer Badestelle auch Dusche, Toilette, Waschbecken und ein sch\u00f6ne Zeltwiese gibt. Auf dem Zeltplatz ist auch eine Oma mit ihrer 16 j\u00e4hrigen Enkelin abgestiegen, die mal eben durch Schweden radeln. Dazu wurde sie auch die Bahn benutzt, inklusive Fahrrad. Das werde ich von G\u00f6teborg nach Helsingborg auch versuchen. Meine Motivation, um 2 Uhr fr\u00fch zu starten ist gleich Null. <br>Meine Tante Edith ist heute verstorben. Wie schade. Damit sind ein Teil unserer Erinnerungen unwiederbringlich verloren. Da macht es f\u00fcr mich noch mehr Sinn, die mir bekannten Geschichten aufzuschreiben.<br>Heute hat mir eine Fahrrad fahrende Schwedin den richtigen Weg zu diesem Campingplatz gezeigt. Die Fahrt entlang der Autobahn war zwar nicht anstrengend aber auch nicht wirklich sch\u00f6n. Zumal ich leider nicht bemerkt habe, dass schon wieder eine Schraube an dem linken Schuh fehlte und ich ihn dann beim Absteigen nicht aus der Pedale bekam. Rechts hat auch gerade nicht funktioniert, da entfuhr mir ein Schrei und Zack lag ich neben dem Fahrradweg im Schotter. Aua rechts am Knie und leichter Dutz am Handgelenk. Gl\u00fcck gehabt. Konnte die Schrauben der Clieks leider nicht richtig nachziehen, da die \u00d6ffnungen schon so zugetreten waren.<br>Naja. So habe ich jetzt die Clieks wieder beide an die Sandalen montiert und in der Hoffnung das es w\u00e4rmer wird, fahre ich morgen damit.<\/p>\n\n\n\n<figure class=\"wp-block-image aligncenter size-full\"><img loading=\"lazy\" decoding=\"async\" width=\"353\" height=\"265\" src=\"https:\/\/andrea-richter.com\/wp-content\/uploads\/2022\/07\/IMG_20220727_091941_copy_353x265.jpg\" alt=\"\" class=\"wp-image-720\" srcset=\"https:\/\/andrea-richter.com\/wp-content\/uploads\/2022\/07\/IMG_20220727_091941_copy_353x265.jpg 353w, https:\/\/andrea-richter.com\/wp-content\/uploads\/2022\/07\/IMG_20220727_091941_copy_353x265-300x225.jpg 300w\" sizes=\"auto, (max-width: 353px) 100vw, 353px\" \/><figcaption>Lecker Fr\u00fchst\u00fcck mit Milchreis.<\/figcaption><\/figure>\n\n\n\n<figure class=\"wp-block-image aligncenter size-full\"><img loading=\"lazy\" decoding=\"async\" width=\"365\" height=\"274\" src=\"https:\/\/andrea-richter.com\/wp-content\/uploads\/2022\/07\/1658920466656_copy_365x274.jpg\" alt=\"\" class=\"wp-image-721\" srcset=\"https:\/\/andrea-richter.com\/wp-content\/uploads\/2022\/07\/1658920466656_copy_365x274.jpg 365w, https:\/\/andrea-richter.com\/wp-content\/uploads\/2022\/07\/1658920466656_copy_365x274-300x225.jpg 300w\" sizes=\"auto, (max-width: 365px) 100vw, 365px\" \/><figcaption>Der M\u00fcll wird auch hier gerne getrennt.<\/figcaption><\/figure>\n\n\n\n<figure class=\"wp-block-image aligncenter size-full\"><img loading=\"lazy\" decoding=\"async\" width=\"305\" height=\"406\" src=\"https:\/\/andrea-richter.com\/wp-content\/uploads\/2022\/07\/IMG_20220727_184804_copy_305x406.jpg\" alt=\"\" class=\"wp-image-722\" srcset=\"https:\/\/andrea-richter.com\/wp-content\/uploads\/2022\/07\/IMG_20220727_184804_copy_305x406.jpg 305w, https:\/\/andrea-richter.com\/wp-content\/uploads\/2022\/07\/IMG_20220727_184804_copy_305x406-225x300.jpg 225w\" sizes=\"auto, (max-width: 305px) 100vw, 305px\" \/><figcaption>Unbeachtet Sturzursache<\/figcaption><\/figure>\n\n\n\n<figure class=\"wp-block-image aligncenter size-full\"><img loading=\"lazy\" decoding=\"async\" width=\"353\" height=\"265\" src=\"https:\/\/andrea-richter.com\/wp-content\/uploads\/2022\/07\/IMG_20220727_215421_copy_353x265.jpg\" alt=\"\" class=\"wp-image-723\" srcset=\"https:\/\/andrea-richter.com\/wp-content\/uploads\/2022\/07\/IMG_20220727_215421_copy_353x265.jpg 353w, https:\/\/andrea-richter.com\/wp-content\/uploads\/2022\/07\/IMG_20220727_215421_copy_353x265-300x225.jpg 300w\" sizes=\"auto, (max-width: 353px) 100vw, 353px\" \/><figcaption>Unter der Festung Bohus <\/figcaption><\/figure>\n\n\n\n<figure class=\"wp-block-image aligncenter size-full\"><img loading=\"lazy\" decoding=\"async\" width=\"400\" height=\"300\" src=\"https:\/\/andrea-richter.com\/wp-content\/uploads\/2022\/07\/IMG_20220727_220013_copy_400x300.jpg\" alt=\"\" class=\"wp-image-724\" srcset=\"https:\/\/andrea-richter.com\/wp-content\/uploads\/2022\/07\/IMG_20220727_220013_copy_400x300.jpg 400w, https:\/\/andrea-richter.com\/wp-content\/uploads\/2022\/07\/IMG_20220727_220013_copy_400x300-300x225.jpg 300w\" sizes=\"auto, (max-width: 400px) 100vw, 400px\" \/><figcaption>Gute Nacht<\/figcaption><\/figure>\n\n\n\n<p><\/p>\n\n\n\n<p><\/p>\n\n\n\n<p><\/p>\n","protected":false},"excerpt":{"rendered":"<p>Nun bin ich G\u00f6teborg viel n\u00e4her gekommen als gedacht. Unterhalb der Festung Bohus ist direkt am G\u00f6takanal ein freier Campingplatz, auf dem es neben einer Badestelle auch Dusche, Toilette, Waschbecken und ein sch\u00f6ne Zeltwiese gibt. Auf dem Zeltplatz ist auch eine Oma mit ihrer 16 j\u00e4hrigen Enkelin abgestiegen, die mal eben durch Schweden radeln. Dazu [&hellip;]<\/p>\n","protected":false},"author":2,"featured_media":0,"comment_status":"closed","ping_status":"open","sticky":false,"template":"","format":"standard","meta":{"footnotes":""},"categories":[73,78,48],"tags":[71,76],"class_list":["post-708","post","type-post","status-publish","format-standard","hentry","category-73","category-2022-schweden","category-on-tour","tag-71","tag-schweden"],"_links":{"self":[{"href":"https:\/\/andrea-richter.com\/index.php?rest_route=\/wp\/v2\/posts\/708","targetHints":{"allow":["GET"]}}],"collection":[{"href":"https:\/\/andrea-richter.com\/index.php?rest_route=\/wp\/v2\/posts"}],"about":[{"href":"https:\/\/andrea-richter.com\/index.php?rest_route=\/wp\/v2\/types\/post"}],"author":[{"embeddable":true,"href":"https:\/\/andrea-richter.com\/index.php?rest_route=\/wp\/v2\/users\/2"}],"replies":[{"embeddable":true,"href":"https:\/\/andrea-richter.com\/index.php?rest_route=%2Fwp%2Fv2%2Fcomments&post=708"}],"version-history":[{"count":2,"href":"https:\/\/andrea-richter.com\/index.php?rest_route=\/wp\/v2\/posts\/708\/revisions"}],"predecessor-version":[{"id":725,"href":"https:\/\/andrea-richter.com\/index.php?rest_route=\/wp\/v2\/posts\/708\/revisions\/725"}],"wp:attachment":[{"href":"https:\/\/andrea-richter.com\/index.php?rest_route=%2Fwp%2Fv2%2Fmedia&parent=708"}],"wp:term":[{"taxonomy":"category","embeddable":true,"href":"https:\/\/andrea-richter.com\/index.php?rest_route=%2Fwp%2Fv2%2Fcategories&post=708"},{"taxonomy":"post_tag","embeddable":true,"href":"https:\/\/andrea-richter.com\/index.php?rest_route=%2Fwp%2Fv2%2Ftags&post=708"}],"curies":[{"name":"wp","href":"https:\/\/api.w.org\/{rel}","templated":true}]}}