{"id":698,"date":"2022-07-26T19:16:05","date_gmt":"2022-07-26T19:16:05","guid":{"rendered":"https:\/\/andrea-richter.com\/?p=698"},"modified":"2022-07-26T19:22:17","modified_gmt":"2022-07-26T19:22:17","slug":"nur-noch-80-kilometer-bis-goeteborg","status":"publish","type":"post","link":"https:\/\/andrea-richter.com\/?p=698","title":{"rendered":"Nur noch 80 Kilometer bis G\u00f6teborg"},"content":{"rendered":"\n<p>Da liege ich nun nachmittags in Schweden auf dem R\u00fccken, alle Viere von mir gestreckt und d\u00f6se vor mich hin. Das ist f\u00fcr mich v\u00f6llig ungewohnt, aber auch sch\u00f6n.<br>Der Wind braust durch die umstehenden B\u00e4ume und dahinterliegenden Felder. <br>Heute habe ich die Fahrradtour nach 46 km schon gegen fr\u00fchzeitig beendet. Da war eine gewisse M\u00fcdigkeit zu sp\u00fcren, der ich gerne nachgegeben habe. Kahle Felsbereiche in den umliegenden H\u00fcgeln luden zum Verweilen ein. Da das Navi f\u00fcr die n\u00e4chsten Kilometer keinen See oder Bach anzeigte, habe ich diese Einladung gerne angenommen. Oben auf einem der H\u00fcgel angekommen, das Fahrrad ein paarmal hin und her geschoben, den Footprint hier und dorthin gezupft und schon war der Schlafplatz eingerichtet. Es war gut, dabei meinen Gef\u00fchlen nachzusp\u00fcren. Eben sollte der Untergrund sein, kein toter Ast \u00fcber dem Lager h\u00e4ngen, das Zelt vom Wind abgewandt und mit sch\u00f6ner Aussicht auf die Landschaft. Der eine, relativ frische Kuhfladen beunruhigt mich zwar etwas, aber Hornviecher sind weit und breit nicht zu sehen.<br>Nach einer relativ feuchten Nacht mit Platzregen neben dem Friedhof wird hier nun die Ausr\u00fcstung kr\u00e4ftig vom Wind durchgepustet und getrocknet.<br>Bis G\u00f6teborg sind es noch 80 km. Das kann ich super in zwei Etappen aufteilen und entspannt ankommen. Oder versuchen, es an einem Tag zu schaffen, wie bislang \u00fcblich. <br>Die heutige Etappe war recht moderat zu fahren. Kaum H\u00fcgel, geschweige denn Berge. Der Gegenwind hat mir etwas zuschaffen gemacht, aber auch die einzige Frau, die mich \u00fcberholt hat, k\u00e4mpfte dagegen an. \u00dcberhaupt sieht man hier kaum normale Radfahrer. Vier Radreisende sind mir bisher entgegen gekommen. Einer ist heute mit einem Rennrad, Triathlon Lenker, Bagpacking ubd R\u00fcckenwind an mir vorbeigeschossen. Alle anderen der wenigen Radfahrer sind Sportler. Zu Fu\u00df sehe ich fast niemanden. Es sei denn, auf dem Weg zum Briefkasten oder Nachbargrundst\u00fcck. Ohne Auto geht hier offensichtlich nichts. Allerdings sind Linienbusse \u00f6fter zu sehen. <br>Es hat mich gefreut, heute in gro\u00dfen Abschnitten auf dem Sverigeleden in Richtung G\u00f6teborg unterwegs zu sein. Die gr\u00fcnen Schilder mit dem wei\u00dfen Fahrrad erinnern mich an meine Sucherei vor 4 Jahren und die Freude, wenn ich diesen Weg oder den roten K\u00fcsten Radweg wiedergefunden hatte. Die Ausschilderung der Fahrradwege hier in Schweden ist ungewohnt f\u00fcr mich und \u00e4u\u00dferst sparsam. Kein Vergleich mit Deutschland. Aber bei der geringen Kundschaft? Auch an Carl von Linne wird mit einer Fahrradroute parallel zum Sverigeleden erinnert. Interessant, was Wikipedia \u00fcber den herausragenden schwedischen Wissenschaftler zu berichten wei\u00df. <br><br>Ein geruhsamer Abend in Schweden. Still geht die Sonne unter, nur begleitet von leisem Vogelgezwitscher und dem Kreischen einer unzufriedenen Gans. Ab und zu f\u00e4hrt unten auf der Stra\u00dfe ein Auto vorbei und der Wind fegt rauschend durch die B\u00e4ume. <br>Gute Nacht.<\/p>\n\n\n\n<figure class=\"wp-block-image aligncenter size-full\"><img loading=\"lazy\" decoding=\"async\" width=\"306\" height=\"409\" src=\"https:\/\/andrea-richter.com\/wp-content\/uploads\/2022\/07\/IMG_20220726_081537_copy_306x409.jpg\" alt=\"\" class=\"wp-image-709\" srcset=\"https:\/\/andrea-richter.com\/wp-content\/uploads\/2022\/07\/IMG_20220726_081537_copy_306x409.jpg 306w, https:\/\/andrea-richter.com\/wp-content\/uploads\/2022\/07\/IMG_20220726_081537_copy_306x409-224x300.jpg 224w\" sizes=\"auto, (max-width: 306px) 100vw, 306px\" \/><figcaption>Das Hygiene Vaterunser auf der schwedischen Toilette<\/figcaption><\/figure>\n\n\n\n<figure class=\"wp-block-image aligncenter size-full\"><img loading=\"lazy\" decoding=\"async\" width=\"292\" height=\"390\" src=\"https:\/\/andrea-richter.com\/wp-content\/uploads\/2022\/07\/1658823234883_copy_292x390.jpg\" alt=\"\" class=\"wp-image-710\" srcset=\"https:\/\/andrea-richter.com\/wp-content\/uploads\/2022\/07\/1658823234883_copy_292x390.jpg 292w, https:\/\/andrea-richter.com\/wp-content\/uploads\/2022\/07\/1658823234883_copy_292x390-225x300.jpg 225w\" sizes=\"auto, (max-width: 292px) 100vw, 292px\" \/><figcaption>Spieglein, Spieglein an der Wand<\/figcaption><\/figure>\n\n\n\n<figure class=\"wp-block-image aligncenter size-full\"><img loading=\"lazy\" decoding=\"async\" width=\"253\" height=\"338\" src=\"https:\/\/andrea-richter.com\/wp-content\/uploads\/2022\/07\/1658827577818_copy_253x338.jpg\" alt=\"\" class=\"wp-image-711\" srcset=\"https:\/\/andrea-richter.com\/wp-content\/uploads\/2022\/07\/1658827577818_copy_253x338.jpg 253w, https:\/\/andrea-richter.com\/wp-content\/uploads\/2022\/07\/1658827577818_copy_253x338-225x300.jpg 225w\" sizes=\"auto, (max-width: 253px) 100vw, 253px\" \/><figcaption>Alt<\/figcaption><\/figure>\n\n\n\n<figure class=\"wp-block-image aligncenter size-full\"><img loading=\"lazy\" decoding=\"async\" width=\"276\" height=\"369\" src=\"https:\/\/andrea-richter.com\/wp-content\/uploads\/2022\/07\/IMG_20220726_103807_copy_276x369.jpg\" alt=\"\" class=\"wp-image-712\" srcset=\"https:\/\/andrea-richter.com\/wp-content\/uploads\/2022\/07\/IMG_20220726_103807_copy_276x369.jpg 276w, https:\/\/andrea-richter.com\/wp-content\/uploads\/2022\/07\/IMG_20220726_103807_copy_276x369-224x300.jpg 224w\" sizes=\"auto, (max-width: 276px) 100vw, 276px\" \/><figcaption>Heute erst nur haltbare Zimtschnecken aus dem ICA, sp\u00e4ter zwei frischere von der Tankstelle. Schmeckten nicht so gut.<\/figcaption><\/figure>\n\n\n\n<figure class=\"wp-block-image aligncenter size-full\"><img loading=\"lazy\" decoding=\"async\" width=\"347\" height=\"260\" src=\"https:\/\/andrea-richter.com\/wp-content\/uploads\/2022\/07\/1658833977949_copy_347x260.jpg\" alt=\"\" class=\"wp-image-713\" srcset=\"https:\/\/andrea-richter.com\/wp-content\/uploads\/2022\/07\/1658833977949_copy_347x260.jpg 347w, https:\/\/andrea-richter.com\/wp-content\/uploads\/2022\/07\/1658833977949_copy_347x260-300x225.jpg 300w\" sizes=\"auto, (max-width: 347px) 100vw, 347px\" \/><figcaption>V\u00e4nersborg<\/figcaption><\/figure>\n\n\n\n<figure class=\"wp-block-image aligncenter size-full\"><img loading=\"lazy\" decoding=\"async\" width=\"488\" height=\"365\" src=\"https:\/\/andrea-richter.com\/wp-content\/uploads\/2022\/07\/IMG_20220726_185508_copy_488x365.jpg\" alt=\"\" class=\"wp-image-714\" srcset=\"https:\/\/andrea-richter.com\/wp-content\/uploads\/2022\/07\/IMG_20220726_185508_copy_488x365.jpg 488w, https:\/\/andrea-richter.com\/wp-content\/uploads\/2022\/07\/IMG_20220726_185508_copy_488x365-300x224.jpg 300w\" sizes=\"auto, (max-width: 488px) 100vw, 488px\" \/><figcaption>Rauchende Wolke<\/figcaption><\/figure>\n\n\n\n<p><\/p>\n\n\n\n<p><\/p>\n","protected":false},"excerpt":{"rendered":"<p>Da liege ich nun nachmittags in Schweden auf dem R\u00fccken, alle Viere von mir gestreckt und d\u00f6se vor mich hin. Das ist f\u00fcr mich v\u00f6llig ungewohnt, aber auch sch\u00f6n.Der Wind braust durch die umstehenden B\u00e4ume und dahinterliegenden Felder. Heute habe ich die Fahrradtour nach 46 km schon gegen fr\u00fchzeitig beendet. Da war eine gewisse M\u00fcdigkeit [&hellip;]<\/p>\n","protected":false},"author":2,"featured_media":0,"comment_status":"closed","ping_status":"open","sticky":false,"template":"","format":"standard","meta":{"footnotes":""},"categories":[73,78,48],"tags":[79,50,10,76],"class_list":["post-698","post","type-post","status-publish","format-standard","hentry","category-73","category-2022-schweden","category-on-tour","tag-79","tag-fahrrad","tag-reisen","tag-schweden"],"_links":{"self":[{"href":"https:\/\/andrea-richter.com\/index.php?rest_route=\/wp\/v2\/posts\/698","targetHints":{"allow":["GET"]}}],"collection":[{"href":"https:\/\/andrea-richter.com\/index.php?rest_route=\/wp\/v2\/posts"}],"about":[{"href":"https:\/\/andrea-richter.com\/index.php?rest_route=\/wp\/v2\/types\/post"}],"author":[{"embeddable":true,"href":"https:\/\/andrea-richter.com\/index.php?rest_route=\/wp\/v2\/users\/2"}],"replies":[{"embeddable":true,"href":"https:\/\/andrea-richter.com\/index.php?rest_route=%2Fwp%2Fv2%2Fcomments&post=698"}],"version-history":[{"count":3,"href":"https:\/\/andrea-richter.com\/index.php?rest_route=\/wp\/v2\/posts\/698\/revisions"}],"predecessor-version":[{"id":717,"href":"https:\/\/andrea-richter.com\/index.php?rest_route=\/wp\/v2\/posts\/698\/revisions\/717"}],"wp:attachment":[{"href":"https:\/\/andrea-richter.com\/index.php?rest_route=%2Fwp%2Fv2%2Fmedia&parent=698"}],"wp:term":[{"taxonomy":"category","embeddable":true,"href":"https:\/\/andrea-richter.com\/index.php?rest_route=%2Fwp%2Fv2%2Fcategories&post=698"},{"taxonomy":"post_tag","embeddable":true,"href":"https:\/\/andrea-richter.com\/index.php?rest_route=%2Fwp%2Fv2%2Ftags&post=698"}],"curies":[{"name":"wp","href":"https:\/\/api.w.org\/{rel}","templated":true}]}}