{"id":662,"date":"2022-07-22T22:30:46","date_gmt":"2022-07-22T22:30:46","guid":{"rendered":"https:\/\/andrea-richter.com\/?p=662"},"modified":"2022-07-22T22:33:59","modified_gmt":"2022-07-22T22:33:59","slug":"letzter-tag-in-lundsholm","status":"publish","type":"post","link":"https:\/\/andrea-richter.com\/?p=662","title":{"rendered":"Letzter Tag in Lundsholm"},"content":{"rendered":"\n<p>Es war ein regnerischer und k\u00fchler Tag. Die Linden sind am Verbl\u00fchen und sch\u00fctteln ihre Bl\u00fctenbl\u00e4tter ab. <\/p>\n\n\n\n<p>An diesem Tag habe ich viel \u00fcber die Gro\u00dfmutter in Wochowsee nachgedacht. Wie wenig wei\u00df ich doch \u00fcber sie. Wie unserer Familie \u00fcber sie gesprochen wurde. Wie einsam sie bei uns zu Hause war. Und wie \u00e4ngstlich sie mich angesehen hat, als sie den Kakao im Bett versch\u00fcttet hatte nach ihrem Schlaganfall. Wie ihre H\u00e4nde aussahen, am Tag bevor sie starb. Ich werde nachforschen, in meinen Erinnerungen und in denen der Anderen. Hedwig. Was f\u00fcr ein seltener Name. Ich w\u00fcnschte, es g\u00e4be ein Kind in unserer Familie, das diesen Namen weitertragen kann. Die Hedwig in meiner Gruppe hat diese T\u00fcr zu unserer Familie ge\u00f6ffnet. Schade, dass mit Tante Edith eine weitere Person gerade stirbt, die noch soviele Erinnerungen hatte. <br><br>Am Abend gab es noch ein sch\u00f6nes Beisammensein. Der Kuchen war gut und die Menschen so nah. Wann komme ich wieder? Das wird sich ergeben. Schaun wir mal. <br>Morgen geht es weiter. Die L\u00e4nge der Strecke macht mich doch unruhig. Die Strecke nach G\u00f6teborg ist klar. Dann sehe ich, wie ich vorw\u00e4rts komme. Bin doch langsam etwas unmotiviert f\u00fcr derart anstrengende Touren oder einfach nur aus der \u00dcbung.<\/p>\n\n\n\n<figure class=\"wp-block-image aligncenter size-full is-resized\"><img loading=\"lazy\" decoding=\"async\" src=\"https:\/\/andrea-richter.com\/wp-content\/uploads\/2022\/07\/Screenshot_20220722_154143_com.huawei.android.totemweather_copy_278x603.jpg\" alt=\"\" class=\"wp-image-674\" width=\"242\" height=\"524\" srcset=\"https:\/\/andrea-richter.com\/wp-content\/uploads\/2022\/07\/Screenshot_20220722_154143_com.huawei.android.totemweather_copy_278x603.jpg 278w, https:\/\/andrea-richter.com\/wp-content\/uploads\/2022\/07\/Screenshot_20220722_154143_com.huawei.android.totemweather_copy_278x603-138x300.jpg 138w\" sizes=\"auto, (max-width: 242px) 100vw, 242px\" \/><figcaption>Es ssieht nicht gut aus mit dem Wetter in den n\u00e4chsten Tagen <\/figcaption><\/figure>\n\n\n\n<figure class=\"wp-block-image aligncenter size-large\"><img loading=\"lazy\" decoding=\"async\" width=\"768\" height=\"1024\" src=\"https:\/\/andrea-richter.com\/wp-content\/uploads\/2022\/07\/IMG_20220722_071403_copy_1024x1365-768x1024.jpg\" alt=\"\" class=\"wp-image-675\" srcset=\"https:\/\/andrea-richter.com\/wp-content\/uploads\/2022\/07\/IMG_20220722_071403_copy_1024x1365-768x1024.jpg 768w, https:\/\/andrea-richter.com\/wp-content\/uploads\/2022\/07\/IMG_20220722_071403_copy_1024x1365-225x300.jpg 225w, https:\/\/andrea-richter.com\/wp-content\/uploads\/2022\/07\/IMG_20220722_071403_copy_1024x1365.jpg 1024w\" sizes=\"auto, (max-width: 768px) 100vw, 768px\" \/><figcaption>Der Blick aus dem Fenster. Es regnet. <\/figcaption><\/figure>\n\n\n\n<figure class=\"wp-block-image aligncenter size-large\"><img loading=\"lazy\" decoding=\"async\" width=\"768\" height=\"1024\" src=\"https:\/\/andrea-richter.com\/wp-content\/uploads\/2022\/07\/IMG_20220722_064446_copy_1024x1365-768x1024.jpg\" alt=\"\" class=\"wp-image-676\" srcset=\"https:\/\/andrea-richter.com\/wp-content\/uploads\/2022\/07\/IMG_20220722_064446_copy_1024x1365-768x1024.jpg 768w, https:\/\/andrea-richter.com\/wp-content\/uploads\/2022\/07\/IMG_20220722_064446_copy_1024x1365-225x300.jpg 225w, https:\/\/andrea-richter.com\/wp-content\/uploads\/2022\/07\/IMG_20220722_064446_copy_1024x1365.jpg 1024w\" sizes=\"auto, (max-width: 768px) 100vw, 768px\" \/><figcaption>Und ssofort sprie\u00dfen die Pilze hervor<\/figcaption><\/figure>\n\n\n\n<p><\/p>\n","protected":false},"excerpt":{"rendered":"<p>Es war ein regnerischer und k\u00fchler Tag. Die Linden sind am Verbl\u00fchen und sch\u00fctteln ihre Bl\u00fctenbl\u00e4tter ab. An diesem Tag habe ich viel \u00fcber die Gro\u00dfmutter in Wochowsee nachgedacht. Wie wenig wei\u00df ich doch \u00fcber sie. Wie unserer Familie \u00fcber sie gesprochen wurde. Wie einsam sie bei uns zu Hause war. Und wie \u00e4ngstlich sie [&hellip;]<\/p>\n","protected":false},"author":2,"featured_media":0,"comment_status":"closed","ping_status":"open","sticky":false,"template":"","format":"standard","meta":{"footnotes":""},"categories":[73,78,48],"tags":[71,10],"class_list":["post-662","post","type-post","status-publish","format-standard","hentry","category-73","category-2022-schweden","category-on-tour","tag-71","tag-reisen"],"_links":{"self":[{"href":"https:\/\/andrea-richter.com\/index.php?rest_route=\/wp\/v2\/posts\/662","targetHints":{"allow":["GET"]}}],"collection":[{"href":"https:\/\/andrea-richter.com\/index.php?rest_route=\/wp\/v2\/posts"}],"about":[{"href":"https:\/\/andrea-richter.com\/index.php?rest_route=\/wp\/v2\/types\/post"}],"author":[{"embeddable":true,"href":"https:\/\/andrea-richter.com\/index.php?rest_route=\/wp\/v2\/users\/2"}],"replies":[{"embeddable":true,"href":"https:\/\/andrea-richter.com\/index.php?rest_route=%2Fwp%2Fv2%2Fcomments&post=662"}],"version-history":[{"count":5,"href":"https:\/\/andrea-richter.com\/index.php?rest_route=\/wp\/v2\/posts\/662\/revisions"}],"predecessor-version":[{"id":679,"href":"https:\/\/andrea-richter.com\/index.php?rest_route=\/wp\/v2\/posts\/662\/revisions\/679"}],"wp:attachment":[{"href":"https:\/\/andrea-richter.com\/index.php?rest_route=%2Fwp%2Fv2%2Fmedia&parent=662"}],"wp:term":[{"taxonomy":"category","embeddable":true,"href":"https:\/\/andrea-richter.com\/index.php?rest_route=%2Fwp%2Fv2%2Fcategories&post=662"},{"taxonomy":"post_tag","embeddable":true,"href":"https:\/\/andrea-richter.com\/index.php?rest_route=%2Fwp%2Fv2%2Ftags&post=662"}],"curies":[{"name":"wp","href":"https:\/\/api.w.org\/{rel}","templated":true}]}}